{"id":933,"date":"2018-10-29T14:21:26","date_gmt":"2018-10-29T13:21:26","guid":{"rendered":"http:\/\/filibertc.fr\/?p=933"},"modified":"2018-10-29T14:21:26","modified_gmt":"2018-10-29T13:21:26","slug":"facturation-dematerialisee","status":"publish","type":"post","link":"https:\/\/filibertc.fr\/?p=933","title":{"rendered":"Facturation d\u00e9mat\u00e9rialis\u00e9e"},"content":{"rendered":"<p>\u00c0 compter du 1<sup>er<\/sup>\u00a0janvier 2019, la transmission des factures sous forme d\u00e9mat\u00e9rialis\u00e9e sur le portail Chorus Pro devient obligatoire pour les petites et moyennes entreprises (10 \u00e0 250 salari\u00e9s) fournisseurs du secteur public (Etat, collectivit\u00e9s locales, h\u00f4pitaux, \u00e9tablissements publics, etc.).<\/p>\n<p>Cette disposition s&rsquo;applique depuis janvier dernier pour les entreprises de taille interm\u00e9diaire (250 \u00e0 5.000 salari\u00e9s) et depuis 2017 pour celles de plus de 5.000 salari\u00e9s. L&rsquo;obligation concernera enfin, au 1er janvier 2020, les tr\u00e8s petites entreprises (moins de 10 salari\u00e9s).<\/p>\n<p>Le portail Internet Chorus Pro mis \u00e0 votre disposition par l&rsquo;administration permet de d\u00e9mat\u00e9rialiser facilement, gratuitement et de fa\u00e7on s\u00e9curis\u00e9e vos factures \u00e0 destination de vos clients du secteur public. Le cap symbolique de 20 millions de factures d\u00e9mat\u00e9rialis\u00e9es d\u00e9pos\u00e9es sur Chorus Pro a \u00e9t\u00e9 franchi cet \u00e9t\u00e9.<\/p>\n<p>Vous comptez sans doute, vous aussi, parmi vos clients, des collectivit\u00e9s locales, des minist\u00e8res ou des h\u00f4pitaux. Alors n&rsquo;attendez plus pour r\u00e9duire votre charge administrative et am\u00e9liorer la comp\u00e9titivit\u00e9 de votre entreprise. Car la facturation \u00e9lectronique, c&rsquo;est\u00a0:<\/p>\n<ul>\n<li>un gain de temps dans l&rsquo;envoi, le traitement et le suivi de vos factures\u00a0;<\/li>\n<li>des \u00e9conomies d&rsquo;affranchissement et d&rsquo;archivage papier\u00a0;<\/li>\n<li>le suivi en ligne sur Chorus Pro du traitement de vos factures.<\/li>\n<\/ul>\n<p>Pour tout savoir sur la facturation \u00e9lectronique, rendez-vous sur le site Internet Communaut\u00e9 Chorus Pro \u00e0 l&rsquo;adresse\u00a0<a href=\"https:\/\/communaute-chorus-pro.finances.gouv.fr\/\" target=\"_blank\" rel=\"noopener\" data-saferedirecturl=\"https:\/\/www.google.com\/url?q=https:\/\/communaute-chorus-pro.finances.gouv.fr&amp;source=gmail&amp;ust=1540905614315000&amp;usg=AFQjCNHWwQtT6zTd0d0IWQy4thpNrKBQJA\">https:\/\/communaute-chorus-pro.<wbr \/>finances.gouv.fr<\/a>.<\/p>\n","protected":false},"excerpt":{"rendered":"<p>\u00c0 compter du 1er\u00a0janvier 2019, la transmission des factures sous forme d\u00e9mat\u00e9rialis\u00e9e sur le portail Chorus Pro devient obligatoire pour les petites et moyennes entreprises (10 \u00e0 250 salari\u00e9s) fournisseurs du secteur public (Etat, collectivit\u00e9s locales, h\u00f4pitaux, \u00e9tablissements publics, etc.). Cette disposition s&rsquo;applique depuis janvier dernier pour les entreprises de taille interm\u00e9diaire (250 \u00e0 5.000 &hellip; <\/p>\n<p class=\"link-more\"><a href=\"https:\/\/filibertc.fr\/?p=933\" class=\"more-link\">Continuer la lecture<span class=\"screen-reader-text\"> de &laquo;&nbsp;Facturation d\u00e9mat\u00e9rialis\u00e9e&nbsp;&raquo;<\/span><\/a><\/p>\n","protected":false},"author":1,"featured_media":0,"comment_status":"open","ping_status":"open","sticky":false,"template":"","format":"standard","meta":{"inline_featured_image":false,"footnotes":""},"categories":[4],"tags":[],"yoast_head":"<!-- This site is optimized with the Yoast SEO plugin v19.0 - https:\/\/yoast.com\/wordpress\/plugins\/seo\/ -->\n<title>Facturation d\u00e9mat\u00e9rialis\u00e9e - Filibert _Diagnostic, Optimisation, D\u00e9veloppement, \u00c9valuation des PME, TPE et Commerces<\/title>\n<meta name=\"robots\" content=\"index, follow, max-snippet:-1, max-image-preview:large, max-video-preview:-1\" \/>\n<link rel=\"canonical\" href=\"https:\/\/filibertc.fr\/?p=933\" \/>\n<meta property=\"og:locale\" content=\"fr_FR\" \/>\n<meta property=\"og:type\" content=\"article\" \/>\n<meta property=\"og:title\" content=\"Facturation d\u00e9mat\u00e9rialis\u00e9e - Filibert _Diagnostic, Optimisation, D\u00e9veloppement, \u00c9valuation des PME, TPE et Commerces\" \/>\n<meta property=\"og:description\" content=\"\u00c0 compter du 1er\u00a0janvier 2019, la transmission des factures sous forme d\u00e9mat\u00e9rialis\u00e9e sur le portail Chorus Pro devient obligatoire pour les petites et moyennes entreprises (10 \u00e0 250 salari\u00e9s) fournisseurs du secteur public (Etat, collectivit\u00e9s locales, h\u00f4pitaux, \u00e9tablissements publics, etc.). Cette disposition s&rsquo;applique depuis janvier dernier pour les entreprises de taille interm\u00e9diaire (250 \u00e0 5.000 &hellip; Continuer la lecture de &laquo;&nbsp;Facturation d\u00e9mat\u00e9rialis\u00e9e&nbsp;&raquo;\" \/>\n<meta property=\"og:url\" content=\"https:\/\/filibertc.fr\/?p=933\" \/>\n<meta property=\"og:site_name\" content=\"Filibert _Diagnostic, Optimisation, D\u00e9veloppement, \u00c9valuation des PME, TPE et Commerces\" \/>\n<meta property=\"article:published_time\" content=\"2018-10-29T13:21:26+00:00\" \/>\n<meta name=\"twitter:card\" content=\"summary_large_image\" \/>\n<meta name=\"twitter:label1\" content=\"\u00c9crit par\" \/>\n\t<meta name=\"twitter:data1\" content=\"admin9980\" \/>\n\t<meta name=\"twitter:label2\" content=\"Dur\u00e9e de lecture estim\u00e9e\" \/>\n\t<meta name=\"twitter:data2\" content=\"1 minute\" \/>\n<script type=\"application\/ld+json\" class=\"yoast-schema-graph\">{\"@context\":\"https:\/\/schema.org\",\"@graph\":[{\"@type\":\"WebSite\",\"@id\":\"https:\/\/filibertc.fr\/#website\",\"url\":\"https:\/\/filibertc.fr\/\",\"name\":\"Filibert _Diagnostic, Optimisation, D\u00e9veloppement, \u00c9valuation des PME, TPE et Commerces\",\"description\":\"www.fabienclais.fr\",\"potentialAction\":[{\"@type\":\"SearchAction\",\"target\":{\"@type\":\"EntryPoint\",\"urlTemplate\":\"https:\/\/filibertc.fr\/?s={search_term_string}\"},\"query-input\":\"required name=search_term_string\"}],\"inLanguage\":\"fr-FR\"},{\"@type\":\"WebPage\",\"@id\":\"https:\/\/filibertc.fr\/?p=933#webpage\",\"url\":\"https:\/\/filibertc.fr\/?p=933\",\"name\":\"Facturation d\u00e9mat\u00e9rialis\u00e9e - Filibert _Diagnostic, Optimisation, D\u00e9veloppement, \u00c9valuation des PME, TPE et Commerces\",\"isPartOf\":{\"@id\":\"https:\/\/filibertc.fr\/#website\"},\"datePublished\":\"2018-10-29T13:21:26+00:00\",\"dateModified\":\"2018-10-29T13:21:26+00:00\",\"author\":{\"@id\":\"https:\/\/filibertc.fr\/#\/schema\/person\/7c82ddc8c57f560b5f69131ded64d820\"},\"breadcrumb\":{\"@id\":\"https:\/\/filibertc.fr\/?p=933#breadcrumb\"},\"inLanguage\":\"fr-FR\",\"potentialAction\":[{\"@type\":\"ReadAction\",\"target\":[\"https:\/\/filibertc.fr\/?p=933\"]}]},{\"@type\":\"BreadcrumbList\",\"@id\":\"https:\/\/filibertc.fr\/?p=933#breadcrumb\",\"itemListElement\":[{\"@type\":\"ListItem\",\"position\":1,\"name\":\"Accueil\",\"item\":\"https:\/\/filibertc.fr\/\"},{\"@type\":\"ListItem\",\"position\":2,\"name\":\"Facturation d\u00e9mat\u00e9rialis\u00e9e\"}]},{\"@type\":\"Person\",\"@id\":\"https:\/\/filibertc.fr\/#\/schema\/person\/7c82ddc8c57f560b5f69131ded64d820\",\"name\":\"admin9980\",\"image\":{\"@type\":\"ImageObject\",\"inLanguage\":\"fr-FR\",\"@id\":\"https:\/\/filibertc.fr\/#\/schema\/person\/image\/\",\"url\":\"https:\/\/secure.gravatar.com\/avatar\/3c1638afcf2679cc3500e2125c9f4ce5?s=96&d=mm&r=g\",\"contentUrl\":\"https:\/\/secure.gravatar.com\/avatar\/3c1638afcf2679cc3500e2125c9f4ce5?s=96&d=mm&r=g\",\"caption\":\"admin9980\"},\"url\":\"https:\/\/filibertc.fr\/?author=1\"}]}<\/script>\n<!-- \/ Yoast SEO plugin. -->","yoast_head_json":{"title":"Facturation d\u00e9mat\u00e9rialis\u00e9e - Filibert _Diagnostic, Optimisation, D\u00e9veloppement, \u00c9valuation des PME, TPE et Commerces","robots":{"index":"index","follow":"follow","max-snippet":"max-snippet:-1","max-image-preview":"max-image-preview:large","max-video-preview":"max-video-preview:-1"},"canonical":"https:\/\/filibertc.fr\/?p=933","og_locale":"fr_FR","og_type":"article","og_title":"Facturation d\u00e9mat\u00e9rialis\u00e9e - Filibert _Diagnostic, Optimisation, D\u00e9veloppement, \u00c9valuation des PME, TPE et Commerces","og_description":"\u00c0 compter du 1er\u00a0janvier 2019, la transmission des factures sous forme d\u00e9mat\u00e9rialis\u00e9e sur le portail Chorus Pro devient obligatoire pour les petites et moyennes entreprises (10 \u00e0 250 salari\u00e9s) fournisseurs du secteur public (Etat, collectivit\u00e9s locales, h\u00f4pitaux, \u00e9tablissements publics, etc.). Cette disposition s&rsquo;applique depuis janvier dernier pour les entreprises de taille interm\u00e9diaire (250 \u00e0 5.000 &hellip; Continuer la lecture de &laquo;&nbsp;Facturation d\u00e9mat\u00e9rialis\u00e9e&nbsp;&raquo;","og_url":"https:\/\/filibertc.fr\/?p=933","og_site_name":"Filibert _Diagnostic, Optimisation, D\u00e9veloppement, \u00c9valuation des PME, TPE et Commerces","article_published_time":"2018-10-29T13:21:26+00:00","twitter_card":"summary_large_image","twitter_misc":{"\u00c9crit par":"admin9980","Dur\u00e9e de lecture estim\u00e9e":"1 minute"},"schema":{"@context":"https:\/\/schema.org","@graph":[{"@type":"WebSite","@id":"https:\/\/filibertc.fr\/#website","url":"https:\/\/filibertc.fr\/","name":"Filibert _Diagnostic, Optimisation, D\u00e9veloppement, \u00c9valuation des PME, TPE et Commerces","description":"www.fabienclais.fr","potentialAction":[{"@type":"SearchAction","target":{"@type":"EntryPoint","urlTemplate":"https:\/\/filibertc.fr\/?s={search_term_string}"},"query-input":"required name=search_term_string"}],"inLanguage":"fr-FR"},{"@type":"WebPage","@id":"https:\/\/filibertc.fr\/?p=933#webpage","url":"https:\/\/filibertc.fr\/?p=933","name":"Facturation d\u00e9mat\u00e9rialis\u00e9e - Filibert _Diagnostic, Optimisation, D\u00e9veloppement, \u00c9valuation des PME, TPE et Commerces","isPartOf":{"@id":"https:\/\/filibertc.fr\/#website"},"datePublished":"2018-10-29T13:21:26+00:00","dateModified":"2018-10-29T13:21:26+00:00","author":{"@id":"https:\/\/filibertc.fr\/#\/schema\/person\/7c82ddc8c57f560b5f69131ded64d820"},"breadcrumb":{"@id":"https:\/\/filibertc.fr\/?p=933#breadcrumb"},"inLanguage":"fr-FR","potentialAction":[{"@type":"ReadAction","target":["https:\/\/filibertc.fr\/?p=933"]}]},{"@type":"BreadcrumbList","@id":"https:\/\/filibertc.fr\/?p=933#breadcrumb","itemListElement":[{"@type":"ListItem","position":1,"name":"Accueil","item":"https:\/\/filibertc.fr\/"},{"@type":"ListItem","position":2,"name":"Facturation d\u00e9mat\u00e9rialis\u00e9e"}]},{"@type":"Person","@id":"https:\/\/filibertc.fr\/#\/schema\/person\/7c82ddc8c57f560b5f69131ded64d820","name":"admin9980","image":{"@type":"ImageObject","inLanguage":"fr-FR","@id":"https:\/\/filibertc.fr\/#\/schema\/person\/image\/","url":"https:\/\/secure.gravatar.com\/avatar\/3c1638afcf2679cc3500e2125c9f4ce5?s=96&d=mm&r=g","contentUrl":"https:\/\/secure.gravatar.com\/avatar\/3c1638afcf2679cc3500e2125c9f4ce5?s=96&d=mm&r=g","caption":"admin9980"},"url":"https:\/\/filibertc.fr\/?author=1"}]}},"_links":{"self":[{"href":"https:\/\/filibertc.fr\/index.php?rest_route=\/wp\/v2\/posts\/933"}],"collection":[{"href":"https:\/\/filibertc.fr\/index.php?rest_route=\/wp\/v2\/posts"}],"about":[{"href":"https:\/\/filibertc.fr\/index.php?rest_route=\/wp\/v2\/types\/post"}],"author":[{"embeddable":true,"href":"https:\/\/filibertc.fr\/index.php?rest_route=\/wp\/v2\/users\/1"}],"replies":[{"embeddable":true,"href":"https:\/\/filibertc.fr\/index.php?rest_route=%2Fwp%2Fv2%2Fcomments&post=933"}],"version-history":[{"count":1,"href":"https:\/\/filibertc.fr\/index.php?rest_route=\/wp\/v2\/posts\/933\/revisions"}],"predecessor-version":[{"id":934,"href":"https:\/\/filibertc.fr\/index.php?rest_route=\/wp\/v2\/posts\/933\/revisions\/934"}],"wp:attachment":[{"href":"https:\/\/filibertc.fr\/index.php?rest_route=%2Fwp%2Fv2%2Fmedia&parent=933"}],"wp:term":[{"taxonomy":"category","embeddable":true,"href":"https:\/\/filibertc.fr\/index.php?rest_route=%2Fwp%2Fv2%2Fcategories&post=933"},{"taxonomy":"post_tag","embeddable":true,"href":"https:\/\/filibertc.fr\/index.php?rest_route=%2Fwp%2Fv2%2Ftags&post=933"}],"curies":[{"name":"wp","href":"https:\/\/api.w.org\/{rel}","templated":true}]}}