{"id":47,"date":"2018-07-03T15:41:24","date_gmt":"2018-07-03T13:41:24","guid":{"rendered":"http:\/\/filibertc.fr\/?p=47"},"modified":"2018-07-17T11:28:51","modified_gmt":"2018-07-17T09:28:51","slug":"article1","status":"publish","type":"post","link":"https:\/\/filibertc.fr\/?p=47","title":{"rendered":"Le chef d&rsquo;entreprise de TPE"},"content":{"rendered":"<h2>Extrait de Cairn.info<\/h2>\n<h2><strong class=\"marquage gras\">2.1. Le chef d\u2019entreprise de TPE<\/strong><\/h2>\n<div id=\"pa42\" class=\"para\"><\/div>\n<div id=\"pa43\" class=\"para\">\n<p class=\"alinea\">Sur le plan de l\u2019expertise, seulement\u00a02\u00a0% d\u2019entre eux seraient incomp\u00e9tents dans leur m\u00e9tier de r\u00e9f\u00e9rence alors qu\u2019ils seraient\u00a064\u00a0% \u00e0 ne pas s\u2019impliquer suffisamment dans la gestion de leur affaire ce qui est aussi, quand on a des responsabilit\u00e9s, une forme d\u2019incomp\u00e9tence. Ce dernier chiffre est grave parce qu\u2019il est sans doute \u00e0 l\u2019origine de nombreux probl\u00e8mes, la suite de l\u2019\u00e9tude le confirmera.<\/p>\n<\/div>\n<div id=\"pa44\" class=\"para\">\n<p>&nbsp;<\/p>\n<p class=\"alinea\"><strong>Pour sch\u00e9matiser brutalement, on peut dire que le dirigeant de la TPE de notre \u00e9chantillon est un homme d\u2019\u00e2ge m\u00fbr, en bonne sant\u00e9, vivant en couple avec un conjoint sans statut ou travaillant \u00e0 l\u2019ext\u00e9rieur, propri\u00e9taire de son habitation, endett\u00e9, techniquement comp\u00e9tent mais pas ou peu gestionnaire.<\/strong><\/p>\n<\/div>\n","protected":false},"excerpt":{"rendered":"<p>Extrait de Cairn.info 2.1. Le chef d\u2019entreprise de TPE Sur le plan de l\u2019expertise, seulement\u00a02\u00a0% d\u2019entre eux seraient incomp\u00e9tents dans leur m\u00e9tier de r\u00e9f\u00e9rence alors qu\u2019ils seraient\u00a064\u00a0% \u00e0 ne pas s\u2019impliquer suffisamment dans la gestion de leur affaire ce qui est aussi, quand on a des responsabilit\u00e9s, une forme d\u2019incomp\u00e9tence. Ce dernier chiffre est grave &hellip; <\/p>\n<p class=\"link-more\"><a href=\"https:\/\/filibertc.fr\/?p=47\" class=\"more-link\">Continuer la lecture<span class=\"screen-reader-text\"> de &laquo;&nbsp;Le chef d&rsquo;entreprise de TPE&nbsp;&raquo;<\/span><\/a><\/p>\n","protected":false},"author":1,"featured_media":0,"comment_status":"open","ping_status":"open","sticky":false,"template":"","format":"standard","meta":{"inline_featured_image":false,"footnotes":""},"categories":[4],"tags":[],"yoast_head":"<!-- This site is optimized with the Yoast SEO plugin v19.0 - https:\/\/yoast.com\/wordpress\/plugins\/seo\/ -->\n<title>Le chef d&#039;entreprise de TPE - Filibert _Diagnostic, Optimisation, D\u00e9veloppement, \u00c9valuation des PME, TPE et Commerces<\/title>\n<meta name=\"robots\" content=\"index, follow, max-snippet:-1, max-image-preview:large, max-video-preview:-1\" \/>\n<link rel=\"canonical\" href=\"https:\/\/filibertc.fr\/?p=47\" \/>\n<meta property=\"og:locale\" content=\"fr_FR\" \/>\n<meta property=\"og:type\" content=\"article\" \/>\n<meta property=\"og:title\" content=\"Le chef d&#039;entreprise de TPE - Filibert _Diagnostic, Optimisation, D\u00e9veloppement, \u00c9valuation des PME, TPE et Commerces\" \/>\n<meta property=\"og:description\" content=\"Extrait de Cairn.info 2.1. Le chef d\u2019entreprise de TPE Sur le plan de l\u2019expertise, seulement\u00a02\u00a0% d\u2019entre eux seraient incomp\u00e9tents dans leur m\u00e9tier de r\u00e9f\u00e9rence alors qu\u2019ils seraient\u00a064\u00a0% \u00e0 ne pas s\u2019impliquer suffisamment dans la gestion de leur affaire ce qui est aussi, quand on a des responsabilit\u00e9s, une forme d\u2019incomp\u00e9tence. Ce dernier chiffre est grave &hellip; Continuer la lecture de &laquo;&nbsp;Le chef d&rsquo;entreprise de TPE&nbsp;&raquo;\" \/>\n<meta property=\"og:url\" content=\"https:\/\/filibertc.fr\/?p=47\" \/>\n<meta property=\"og:site_name\" content=\"Filibert _Diagnostic, Optimisation, D\u00e9veloppement, \u00c9valuation des PME, TPE et Commerces\" \/>\n<meta property=\"article:published_time\" content=\"2018-07-03T13:41:24+00:00\" \/>\n<meta property=\"article:modified_time\" content=\"2018-07-17T09:28:51+00:00\" \/>\n<meta name=\"twitter:card\" content=\"summary_large_image\" \/>\n<meta name=\"twitter:label1\" content=\"\u00c9crit par\" \/>\n\t<meta name=\"twitter:data1\" content=\"admin9980\" \/>\n\t<meta name=\"twitter:label2\" content=\"Dur\u00e9e de lecture estim\u00e9e\" \/>\n\t<meta name=\"twitter:data2\" content=\"1 minute\" \/>\n<script type=\"application\/ld+json\" class=\"yoast-schema-graph\">{\"@context\":\"https:\/\/schema.org\",\"@graph\":[{\"@type\":\"WebSite\",\"@id\":\"https:\/\/filibertc.fr\/#website\",\"url\":\"https:\/\/filibertc.fr\/\",\"name\":\"Filibert _Diagnostic, Optimisation, D\u00e9veloppement, \u00c9valuation des PME, TPE et Commerces\",\"description\":\"www.fabienclais.fr\",\"potentialAction\":[{\"@type\":\"SearchAction\",\"target\":{\"@type\":\"EntryPoint\",\"urlTemplate\":\"https:\/\/filibertc.fr\/?s={search_term_string}\"},\"query-input\":\"required name=search_term_string\"}],\"inLanguage\":\"fr-FR\"},{\"@type\":\"WebPage\",\"@id\":\"https:\/\/filibertc.fr\/?p=47#webpage\",\"url\":\"https:\/\/filibertc.fr\/?p=47\",\"name\":\"Le chef d'entreprise de TPE - Filibert _Diagnostic, Optimisation, D\u00e9veloppement, \u00c9valuation des PME, TPE et Commerces\",\"isPartOf\":{\"@id\":\"https:\/\/filibertc.fr\/#website\"},\"datePublished\":\"2018-07-03T13:41:24+00:00\",\"dateModified\":\"2018-07-17T09:28:51+00:00\",\"author\":{\"@id\":\"https:\/\/filibertc.fr\/#\/schema\/person\/7c82ddc8c57f560b5f69131ded64d820\"},\"breadcrumb\":{\"@id\":\"https:\/\/filibertc.fr\/?p=47#breadcrumb\"},\"inLanguage\":\"fr-FR\",\"potentialAction\":[{\"@type\":\"ReadAction\",\"target\":[\"https:\/\/filibertc.fr\/?p=47\"]}]},{\"@type\":\"BreadcrumbList\",\"@id\":\"https:\/\/filibertc.fr\/?p=47#breadcrumb\",\"itemListElement\":[{\"@type\":\"ListItem\",\"position\":1,\"name\":\"Accueil\",\"item\":\"https:\/\/filibertc.fr\/\"},{\"@type\":\"ListItem\",\"position\":2,\"name\":\"Le chef d&rsquo;entreprise de TPE\"}]},{\"@type\":\"Person\",\"@id\":\"https:\/\/filibertc.fr\/#\/schema\/person\/7c82ddc8c57f560b5f69131ded64d820\",\"name\":\"admin9980\",\"image\":{\"@type\":\"ImageObject\",\"inLanguage\":\"fr-FR\",\"@id\":\"https:\/\/filibertc.fr\/#\/schema\/person\/image\/\",\"url\":\"https:\/\/secure.gravatar.com\/avatar\/3c1638afcf2679cc3500e2125c9f4ce5?s=96&d=mm&r=g\",\"contentUrl\":\"https:\/\/secure.gravatar.com\/avatar\/3c1638afcf2679cc3500e2125c9f4ce5?s=96&d=mm&r=g\",\"caption\":\"admin9980\"},\"url\":\"https:\/\/filibertc.fr\/?author=1\"}]}<\/script>\n<!-- \/ Yoast SEO plugin. -->","yoast_head_json":{"title":"Le chef d'entreprise de TPE - Filibert _Diagnostic, Optimisation, D\u00e9veloppement, \u00c9valuation des PME, TPE et Commerces","robots":{"index":"index","follow":"follow","max-snippet":"max-snippet:-1","max-image-preview":"max-image-preview:large","max-video-preview":"max-video-preview:-1"},"canonical":"https:\/\/filibertc.fr\/?p=47","og_locale":"fr_FR","og_type":"article","og_title":"Le chef d'entreprise de TPE - Filibert _Diagnostic, Optimisation, D\u00e9veloppement, \u00c9valuation des PME, TPE et Commerces","og_description":"Extrait de Cairn.info 2.1. Le chef d\u2019entreprise de TPE Sur le plan de l\u2019expertise, seulement\u00a02\u00a0% d\u2019entre eux seraient incomp\u00e9tents dans leur m\u00e9tier de r\u00e9f\u00e9rence alors qu\u2019ils seraient\u00a064\u00a0% \u00e0 ne pas s\u2019impliquer suffisamment dans la gestion de leur affaire ce qui est aussi, quand on a des responsabilit\u00e9s, une forme d\u2019incomp\u00e9tence. Ce dernier chiffre est grave &hellip; Continuer la lecture de &laquo;&nbsp;Le chef d&rsquo;entreprise de TPE&nbsp;&raquo;","og_url":"https:\/\/filibertc.fr\/?p=47","og_site_name":"Filibert _Diagnostic, Optimisation, D\u00e9veloppement, \u00c9valuation des PME, TPE et Commerces","article_published_time":"2018-07-03T13:41:24+00:00","article_modified_time":"2018-07-17T09:28:51+00:00","twitter_card":"summary_large_image","twitter_misc":{"\u00c9crit par":"admin9980","Dur\u00e9e de lecture estim\u00e9e":"1 minute"},"schema":{"@context":"https:\/\/schema.org","@graph":[{"@type":"WebSite","@id":"https:\/\/filibertc.fr\/#website","url":"https:\/\/filibertc.fr\/","name":"Filibert _Diagnostic, Optimisation, D\u00e9veloppement, \u00c9valuation des PME, TPE et Commerces","description":"www.fabienclais.fr","potentialAction":[{"@type":"SearchAction","target":{"@type":"EntryPoint","urlTemplate":"https:\/\/filibertc.fr\/?s={search_term_string}"},"query-input":"required name=search_term_string"}],"inLanguage":"fr-FR"},{"@type":"WebPage","@id":"https:\/\/filibertc.fr\/?p=47#webpage","url":"https:\/\/filibertc.fr\/?p=47","name":"Le chef d'entreprise de TPE - Filibert _Diagnostic, Optimisation, D\u00e9veloppement, \u00c9valuation des PME, TPE et Commerces","isPartOf":{"@id":"https:\/\/filibertc.fr\/#website"},"datePublished":"2018-07-03T13:41:24+00:00","dateModified":"2018-07-17T09:28:51+00:00","author":{"@id":"https:\/\/filibertc.fr\/#\/schema\/person\/7c82ddc8c57f560b5f69131ded64d820"},"breadcrumb":{"@id":"https:\/\/filibertc.fr\/?p=47#breadcrumb"},"inLanguage":"fr-FR","potentialAction":[{"@type":"ReadAction","target":["https:\/\/filibertc.fr\/?p=47"]}]},{"@type":"BreadcrumbList","@id":"https:\/\/filibertc.fr\/?p=47#breadcrumb","itemListElement":[{"@type":"ListItem","position":1,"name":"Accueil","item":"https:\/\/filibertc.fr\/"},{"@type":"ListItem","position":2,"name":"Le chef d&rsquo;entreprise de TPE"}]},{"@type":"Person","@id":"https:\/\/filibertc.fr\/#\/schema\/person\/7c82ddc8c57f560b5f69131ded64d820","name":"admin9980","image":{"@type":"ImageObject","inLanguage":"fr-FR","@id":"https:\/\/filibertc.fr\/#\/schema\/person\/image\/","url":"https:\/\/secure.gravatar.com\/avatar\/3c1638afcf2679cc3500e2125c9f4ce5?s=96&d=mm&r=g","contentUrl":"https:\/\/secure.gravatar.com\/avatar\/3c1638afcf2679cc3500e2125c9f4ce5?s=96&d=mm&r=g","caption":"admin9980"},"url":"https:\/\/filibertc.fr\/?author=1"}]}},"_links":{"self":[{"href":"https:\/\/filibertc.fr\/index.php?rest_route=\/wp\/v2\/posts\/47"}],"collection":[{"href":"https:\/\/filibertc.fr\/index.php?rest_route=\/wp\/v2\/posts"}],"about":[{"href":"https:\/\/filibertc.fr\/index.php?rest_route=\/wp\/v2\/types\/post"}],"author":[{"embeddable":true,"href":"https:\/\/filibertc.fr\/index.php?rest_route=\/wp\/v2\/users\/1"}],"replies":[{"embeddable":true,"href":"https:\/\/filibertc.fr\/index.php?rest_route=%2Fwp%2Fv2%2Fcomments&post=47"}],"version-history":[{"count":5,"href":"https:\/\/filibertc.fr\/index.php?rest_route=\/wp\/v2\/posts\/47\/revisions"}],"predecessor-version":[{"id":601,"href":"https:\/\/filibertc.fr\/index.php?rest_route=\/wp\/v2\/posts\/47\/revisions\/601"}],"wp:attachment":[{"href":"https:\/\/filibertc.fr\/index.php?rest_route=%2Fwp%2Fv2%2Fmedia&parent=47"}],"wp:term":[{"taxonomy":"category","embeddable":true,"href":"https:\/\/filibertc.fr\/index.php?rest_route=%2Fwp%2Fv2%2Fcategories&post=47"},{"taxonomy":"post_tag","embeddable":true,"href":"https:\/\/filibertc.fr\/index.php?rest_route=%2Fwp%2Fv2%2Ftags&post=47"}],"curies":[{"name":"wp","href":"https:\/\/api.w.org\/{rel}","templated":true}]}}